{"id":2567,"date":"2023-04-15T13:28:34","date_gmt":"2023-04-15T11:28:34","guid":{"rendered":"https:\/\/www.daodeficiencyinstitute.com\/la-academia-espanola-de-nutricion-y-dietetica-organiza-su-vi-congreso-y-tendra-lugar-los-dias-24-y-25-de-noviembre-en-barcelona-espana\/"},"modified":"2023-04-15T13:28:34","modified_gmt":"2023-04-15T11:28:34","slug":"la-academia-espanola-de-nutricion-y-dietetica-organiza-su-vi-congreso-y-tendra-lugar-los-dias-24-y-25-de-noviembre-en-barcelona-espana","status":"publish","type":"post","link":"https:\/\/www.daodeficiencyinstitute.com\/es\/la-academia-espanola-de-nutricion-y-dietetica-organiza-su-vi-congreso-y-tendra-lugar-los-dias-24-y-25-de-noviembre-en-barcelona-espana\/","title":{"rendered":"La Academia Espa\u00f1ola de Nutrici\u00f3n y Diet\u00e9tica organiza su VI Congreso y tendr\u00e1 lugar los d\u00edas 24 y 25 de noviembre en Barcelona, Espa\u00f1a"},"content":{"rendered":"<p>Bajo el lema \u201cNutrici\u00f3n con el coraz\u00f3n: Dietas Plant-Based en el ejercicio profesional\u201d, el VI Congreso de la AND juntar\u00e1 dietistas-nutricionistas de Espa\u00f1a para compartir conocimientos de actualidad. El International Institute of DAO deficiency estar\u00e1 presente con una comunicaci\u00f3n oral sobre d\u00e9ficit de DAO y gen\u00e9tica. El 2 de abril finaliza el proceso de aceptaci\u00f3n de abstracts.  <\/p>\n","protected":false},"excerpt":{"rendered":"<p>VI Congreso AND 2023<\/p>\n","protected":false},"author":31,"featured_media":1568,"comment_status":"open","ping_status":"open","sticky":false,"template":"","format":"standard","meta":{"_acf_changed":false,"_monsterinsights_skip_tracking":false,"_monsterinsights_sitenote_active":false,"_monsterinsights_sitenote_note":"","_monsterinsights_sitenote_category":0,"footnotes":""},"categories":[6],"tags":[],"class_list":["post-2567","post","type-post","status-publish","format-standard","has-post-thumbnail","hentry","category-noticias"],"acf":[],"yoast_head":"<!-- This site is optimized with the Yoast SEO plugin v26.9 - https:\/\/yoast.com\/product\/yoast-seo-wordpress\/ -->\n<title>La Academia Espa\u00f1ola de Nutrici\u00f3n y Diet\u00e9tica organiza su VI Congreso y tendr\u00e1 lugar los d\u00edas 24 y 25 de noviembre en Barcelona, Espa\u00f1a - D\u00e9ficit de DAO<\/title>\n<meta name=\"description\" content=\"Bajo el lema \u201cNutrici\u00f3n con el coraz\u00f3n: Dietas Plant-Based en el ejercicio profesional\u201d, el VI Congreso de la AND juntar\u00e1 dietistas-nutricionistas de Espa\u00f1a para compartir conocimientos de actualidad.\" \/>\n<meta name=\"robots\" content=\"index, follow, max-snippet:-1, max-image-preview:large, max-video-preview:-1\" \/>\n<link rel=\"canonical\" href=\"https:\/\/www.daodeficiencyinstitute.com\/es\/la-academia-espanola-de-nutricion-y-dietetica-organiza-su-vi-congreso-y-tendra-lugar-los-dias-24-y-25-de-noviembre-en-barcelona-espana\/\" \/>\n<meta property=\"og:locale\" content=\"es_ES\" \/>\n<meta property=\"og:type\" content=\"article\" \/>\n<meta property=\"og:title\" content=\"La Academia Espa\u00f1ola de Nutrici\u00f3n y Diet\u00e9tica organiza su VI Congreso y tendr\u00e1 lugar los d\u00edas 24 y 25 de noviembre en Barcelona, Espa\u00f1a - D\u00e9ficit de DAO\" \/>\n<meta property=\"og:description\" content=\"Bajo el lema \u201cNutrici\u00f3n con el coraz\u00f3n: Dietas Plant-Based en el ejercicio profesional\u201d, el VI Congreso de la AND juntar\u00e1 dietistas-nutricionistas de Espa\u00f1a para compartir conocimientos de actualidad.\" \/>\n<meta property=\"og:url\" content=\"https:\/\/www.daodeficiencyinstitute.com\/es\/la-academia-espanola-de-nutricion-y-dietetica-organiza-su-vi-congreso-y-tendra-lugar-los-dias-24-y-25-de-noviembre-en-barcelona-espana\/\" \/>\n<meta property=\"og:site_name\" content=\"D\u00e9ficit de DAO\" \/>\n<meta property=\"article:published_time\" content=\"2023-04-15T11:28:34+00:00\" \/>\n<meta property=\"og:image\" content=\"https:\/\/www.daodeficiencyinstitute.com\/wp-content\/uploads\/2v2-01.jpg\" \/>\n\t<meta property=\"og:image:width\" content=\"470\" \/>\n\t<meta property=\"og:image:height\" content=\"264\" \/>\n\t<meta property=\"og:image:type\" content=\"image\/jpeg\" \/>\n<meta name=\"author\" content=\"martibou\" \/>\n<meta name=\"twitter:card\" content=\"summary_large_image\" \/>\n<script type=\"application\/ld+json\" class=\"yoast-schema-graph\">{\"@context\":\"https:\/\/schema.org\",\"@graph\":[{\"@type\":\"Article\",\"@id\":\"https:\/\/www.daodeficiencyinstitute.com\/es\/la-academia-espanola-de-nutricion-y-dietetica-organiza-su-vi-congreso-y-tendra-lugar-los-dias-24-y-25-de-noviembre-en-barcelona-espana\/#article\",\"isPartOf\":{\"@id\":\"https:\/\/www.daodeficiencyinstitute.com\/es\/la-academia-espanola-de-nutricion-y-dietetica-organiza-su-vi-congreso-y-tendra-lugar-los-dias-24-y-25-de-noviembre-en-barcelona-espana\/\"},\"author\":{\"name\":\"martibou\",\"@id\":\"https:\/\/www.daodeficiencyinstitute.com\/es\/#\/schema\/person\/24be865d93745d75abd8fc84b7cc63ab\"},\"headline\":\"La Academia Espa\u00f1ola de Nutrici\u00f3n y Diet\u00e9tica organiza su VI Congreso y tendr\u00e1 lugar los d\u00edas 24 y 25 de noviembre en Barcelona, Espa\u00f1a\",\"datePublished\":\"2023-04-15T11:28:34+00:00\",\"mainEntityOfPage\":{\"@id\":\"https:\/\/www.daodeficiencyinstitute.com\/es\/la-academia-espanola-de-nutricion-y-dietetica-organiza-su-vi-congreso-y-tendra-lugar-los-dias-24-y-25-de-noviembre-en-barcelona-espana\/\"},\"wordCount\":90,\"commentCount\":0,\"publisher\":{\"@id\":\"https:\/\/www.daodeficiencyinstitute.com\/es\/#organization\"},\"image\":{\"@id\":\"https:\/\/www.daodeficiencyinstitute.com\/es\/la-academia-espanola-de-nutricion-y-dietetica-organiza-su-vi-congreso-y-tendra-lugar-los-dias-24-y-25-de-noviembre-en-barcelona-espana\/#primaryimage\"},\"thumbnailUrl\":\"https:\/\/www.daodeficiencyinstitute.com\/wp-content\/uploads\/2v2-01.jpg\",\"articleSection\":[\"Noticias\"],\"inLanguage\":\"es\",\"potentialAction\":[{\"@type\":\"CommentAction\",\"name\":\"Comment\",\"target\":[\"https:\/\/www.daodeficiencyinstitute.com\/es\/la-academia-espanola-de-nutricion-y-dietetica-organiza-su-vi-congreso-y-tendra-lugar-los-dias-24-y-25-de-noviembre-en-barcelona-espana\/#respond\"]}]},{\"@type\":\"WebPage\",\"@id\":\"https:\/\/www.daodeficiencyinstitute.com\/es\/la-academia-espanola-de-nutricion-y-dietetica-organiza-su-vi-congreso-y-tendra-lugar-los-dias-24-y-25-de-noviembre-en-barcelona-espana\/\",\"url\":\"https:\/\/www.daodeficiencyinstitute.com\/es\/la-academia-espanola-de-nutricion-y-dietetica-organiza-su-vi-congreso-y-tendra-lugar-los-dias-24-y-25-de-noviembre-en-barcelona-espana\/\",\"name\":\"La Academia Espa\u00f1ola de Nutrici\u00f3n y Diet\u00e9tica organiza su VI Congreso y tendr\u00e1 lugar los d\u00edas 24 y 25 de noviembre en Barcelona, Espa\u00f1a - D\u00e9ficit de DAO\",\"isPartOf\":{\"@id\":\"https:\/\/www.daodeficiencyinstitute.com\/es\/#website\"},\"primaryImageOfPage\":{\"@id\":\"https:\/\/www.daodeficiencyinstitute.com\/es\/la-academia-espanola-de-nutricion-y-dietetica-organiza-su-vi-congreso-y-tendra-lugar-los-dias-24-y-25-de-noviembre-en-barcelona-espana\/#primaryimage\"},\"image\":{\"@id\":\"https:\/\/www.daodeficiencyinstitute.com\/es\/la-academia-espanola-de-nutricion-y-dietetica-organiza-su-vi-congreso-y-tendra-lugar-los-dias-24-y-25-de-noviembre-en-barcelona-espana\/#primaryimage\"},\"thumbnailUrl\":\"https:\/\/www.daodeficiencyinstitute.com\/wp-content\/uploads\/2v2-01.jpg\",\"datePublished\":\"2023-04-15T11:28:34+00:00\",\"description\":\"Bajo el lema \u201cNutrici\u00f3n con el coraz\u00f3n: Dietas Plant-Based en el ejercicio profesional\u201d, el VI Congreso de la AND juntar\u00e1 dietistas-nutricionistas de Espa\u00f1a para compartir conocimientos de actualidad.\",\"breadcrumb\":{\"@id\":\"https:\/\/www.daodeficiencyinstitute.com\/es\/la-academia-espanola-de-nutricion-y-dietetica-organiza-su-vi-congreso-y-tendra-lugar-los-dias-24-y-25-de-noviembre-en-barcelona-espana\/#breadcrumb\"},\"inLanguage\":\"es\",\"potentialAction\":[{\"@type\":\"ReadAction\",\"target\":[\"https:\/\/www.daodeficiencyinstitute.com\/es\/la-academia-espanola-de-nutricion-y-dietetica-organiza-su-vi-congreso-y-tendra-lugar-los-dias-24-y-25-de-noviembre-en-barcelona-espana\/\"]}]},{\"@type\":\"ImageObject\",\"inLanguage\":\"es\",\"@id\":\"https:\/\/www.daodeficiencyinstitute.com\/es\/la-academia-espanola-de-nutricion-y-dietetica-organiza-su-vi-congreso-y-tendra-lugar-los-dias-24-y-25-de-noviembre-en-barcelona-espana\/#primaryimage\",\"url\":\"https:\/\/www.daodeficiencyinstitute.com\/wp-content\/uploads\/2v2-01.jpg\",\"contentUrl\":\"https:\/\/www.daodeficiencyinstitute.com\/wp-content\/uploads\/2v2-01.jpg\",\"width\":470,\"height\":264},{\"@type\":\"BreadcrumbList\",\"@id\":\"https:\/\/www.daodeficiencyinstitute.com\/es\/la-academia-espanola-de-nutricion-y-dietetica-organiza-su-vi-congreso-y-tendra-lugar-los-dias-24-y-25-de-noviembre-en-barcelona-espana\/#breadcrumb\",\"itemListElement\":[{\"@type\":\"ListItem\",\"position\":1,\"name\":\"Home\",\"item\":\"https:\/\/www.daodeficiencyinstitute.com\/es\/\"},{\"@type\":\"ListItem\",\"position\":2,\"name\":\"La Academia Espa\u00f1ola de Nutrici\u00f3n y Diet\u00e9tica organiza su VI Congreso y tendr\u00e1 lugar los d\u00edas 24 y 25 de noviembre en Barcelona, Espa\u00f1a\"}]},{\"@type\":\"WebSite\",\"@id\":\"https:\/\/www.daodeficiencyinstitute.com\/es\/#website\",\"url\":\"https:\/\/www.daodeficiencyinstitute.com\/es\/\",\"name\":\"International Institute of DAO deficiency\",\"description\":\"International Institute of DAO Deficiency\",\"publisher\":{\"@id\":\"https:\/\/www.daodeficiencyinstitute.com\/es\/#organization\"},\"potentialAction\":[{\"@type\":\"SearchAction\",\"target\":{\"@type\":\"EntryPoint\",\"urlTemplate\":\"https:\/\/www.daodeficiencyinstitute.com\/es\/?s={search_term_string}\"},\"query-input\":{\"@type\":\"PropertyValueSpecification\",\"valueRequired\":true,\"valueName\":\"search_term_string\"}}],\"inLanguage\":\"es\"},{\"@type\":\"Organization\",\"@id\":\"https:\/\/www.daodeficiencyinstitute.com\/es\/#organization\",\"name\":\"International Institute of DAO Deficiency\",\"url\":\"https:\/\/www.daodeficiencyinstitute.com\/es\/\",\"logo\":{\"@type\":\"ImageObject\",\"inLanguage\":\"es\",\"@id\":\"https:\/\/www.daodeficiencyinstitute.com\/es\/#\/schema\/logo\/image\/\",\"url\":\"https:\/\/www.daodeficiencyinstitute.com\/wp-content\/uploads\/dao-institute-logo-1.svg\",\"contentUrl\":\"https:\/\/www.daodeficiencyinstitute.com\/wp-content\/uploads\/dao-institute-logo-1.svg\",\"caption\":\"International Institute of DAO Deficiency\"},\"image\":{\"@id\":\"https:\/\/www.daodeficiencyinstitute.com\/es\/#\/schema\/logo\/image\/\"},\"sameAs\":[\"https:\/\/www.instagram.com\/daodeficiencyinstitute\/\"]},{\"@type\":\"Person\",\"@id\":\"https:\/\/www.daodeficiencyinstitute.com\/es\/#\/schema\/person\/24be865d93745d75abd8fc84b7cc63ab\",\"name\":\"martibou\",\"image\":{\"@type\":\"ImageObject\",\"inLanguage\":\"es\",\"@id\":\"https:\/\/www.daodeficiencyinstitute.com\/es\/#\/schema\/person\/image\/\",\"url\":\"https:\/\/secure.gravatar.com\/avatar\/9bc2486965ac44f7132dad05b16ac8211787ea4f8b9cd0c28d8ec1ff2387bf91?s=96&d=mm&r=g\",\"contentUrl\":\"https:\/\/secure.gravatar.com\/avatar\/9bc2486965ac44f7132dad05b16ac8211787ea4f8b9cd0c28d8ec1ff2387bf91?s=96&d=mm&r=g\",\"caption\":\"martibou\"},\"url\":\"https:\/\/www.daodeficiencyinstitute.com\/es\/author\/martibou\/\"}]}<\/script>\n<!-- \/ Yoast SEO plugin. -->","yoast_head_json":{"title":"La Academia Espa\u00f1ola de Nutrici\u00f3n y Diet\u00e9tica organiza su VI Congreso y tendr\u00e1 lugar los d\u00edas 24 y 25 de noviembre en Barcelona, Espa\u00f1a - D\u00e9ficit de DAO","description":"Bajo el lema \u201cNutrici\u00f3n con el coraz\u00f3n: Dietas Plant-Based en el ejercicio profesional\u201d, el VI Congreso de la AND juntar\u00e1 dietistas-nutricionistas de Espa\u00f1a para compartir conocimientos de actualidad.","robots":{"index":"index","follow":"follow","max-snippet":"max-snippet:-1","max-image-preview":"max-image-preview:large","max-video-preview":"max-video-preview:-1"},"canonical":"https:\/\/www.daodeficiencyinstitute.com\/es\/la-academia-espanola-de-nutricion-y-dietetica-organiza-su-vi-congreso-y-tendra-lugar-los-dias-24-y-25-de-noviembre-en-barcelona-espana\/","og_locale":"es_ES","og_type":"article","og_title":"La Academia Espa\u00f1ola de Nutrici\u00f3n y Diet\u00e9tica organiza su VI Congreso y tendr\u00e1 lugar los d\u00edas 24 y 25 de noviembre en Barcelona, Espa\u00f1a - D\u00e9ficit de DAO","og_description":"Bajo el lema \u201cNutrici\u00f3n con el coraz\u00f3n: Dietas Plant-Based en el ejercicio profesional\u201d, el VI Congreso de la AND juntar\u00e1 dietistas-nutricionistas de Espa\u00f1a para compartir conocimientos de actualidad.","og_url":"https:\/\/www.daodeficiencyinstitute.com\/es\/la-academia-espanola-de-nutricion-y-dietetica-organiza-su-vi-congreso-y-tendra-lugar-los-dias-24-y-25-de-noviembre-en-barcelona-espana\/","og_site_name":"D\u00e9ficit de DAO","article_published_time":"2023-04-15T11:28:34+00:00","og_image":[{"width":470,"height":264,"url":"https:\/\/www.daodeficiencyinstitute.com\/wp-content\/uploads\/2v2-01.jpg","type":"image\/jpeg"}],"author":"martibou","twitter_card":"summary_large_image","schema":{"@context":"https:\/\/schema.org","@graph":[{"@type":"Article","@id":"https:\/\/www.daodeficiencyinstitute.com\/es\/la-academia-espanola-de-nutricion-y-dietetica-organiza-su-vi-congreso-y-tendra-lugar-los-dias-24-y-25-de-noviembre-en-barcelona-espana\/#article","isPartOf":{"@id":"https:\/\/www.daodeficiencyinstitute.com\/es\/la-academia-espanola-de-nutricion-y-dietetica-organiza-su-vi-congreso-y-tendra-lugar-los-dias-24-y-25-de-noviembre-en-barcelona-espana\/"},"author":{"name":"martibou","@id":"https:\/\/www.daodeficiencyinstitute.com\/es\/#\/schema\/person\/24be865d93745d75abd8fc84b7cc63ab"},"headline":"La Academia Espa\u00f1ola de Nutrici\u00f3n y Diet\u00e9tica organiza su VI Congreso y tendr\u00e1 lugar los d\u00edas 24 y 25 de noviembre en Barcelona, Espa\u00f1a","datePublished":"2023-04-15T11:28:34+00:00","mainEntityOfPage":{"@id":"https:\/\/www.daodeficiencyinstitute.com\/es\/la-academia-espanola-de-nutricion-y-dietetica-organiza-su-vi-congreso-y-tendra-lugar-los-dias-24-y-25-de-noviembre-en-barcelona-espana\/"},"wordCount":90,"commentCount":0,"publisher":{"@id":"https:\/\/www.daodeficiencyinstitute.com\/es\/#organization"},"image":{"@id":"https:\/\/www.daodeficiencyinstitute.com\/es\/la-academia-espanola-de-nutricion-y-dietetica-organiza-su-vi-congreso-y-tendra-lugar-los-dias-24-y-25-de-noviembre-en-barcelona-espana\/#primaryimage"},"thumbnailUrl":"https:\/\/www.daodeficiencyinstitute.com\/wp-content\/uploads\/2v2-01.jpg","articleSection":["Noticias"],"inLanguage":"es","potentialAction":[{"@type":"CommentAction","name":"Comment","target":["https:\/\/www.daodeficiencyinstitute.com\/es\/la-academia-espanola-de-nutricion-y-dietetica-organiza-su-vi-congreso-y-tendra-lugar-los-dias-24-y-25-de-noviembre-en-barcelona-espana\/#respond"]}]},{"@type":"WebPage","@id":"https:\/\/www.daodeficiencyinstitute.com\/es\/la-academia-espanola-de-nutricion-y-dietetica-organiza-su-vi-congreso-y-tendra-lugar-los-dias-24-y-25-de-noviembre-en-barcelona-espana\/","url":"https:\/\/www.daodeficiencyinstitute.com\/es\/la-academia-espanola-de-nutricion-y-dietetica-organiza-su-vi-congreso-y-tendra-lugar-los-dias-24-y-25-de-noviembre-en-barcelona-espana\/","name":"La Academia Espa\u00f1ola de Nutrici\u00f3n y Diet\u00e9tica organiza su VI Congreso y tendr\u00e1 lugar los d\u00edas 24 y 25 de noviembre en Barcelona, Espa\u00f1a - D\u00e9ficit de DAO","isPartOf":{"@id":"https:\/\/www.daodeficiencyinstitute.com\/es\/#website"},"primaryImageOfPage":{"@id":"https:\/\/www.daodeficiencyinstitute.com\/es\/la-academia-espanola-de-nutricion-y-dietetica-organiza-su-vi-congreso-y-tendra-lugar-los-dias-24-y-25-de-noviembre-en-barcelona-espana\/#primaryimage"},"image":{"@id":"https:\/\/www.daodeficiencyinstitute.com\/es\/la-academia-espanola-de-nutricion-y-dietetica-organiza-su-vi-congreso-y-tendra-lugar-los-dias-24-y-25-de-noviembre-en-barcelona-espana\/#primaryimage"},"thumbnailUrl":"https:\/\/www.daodeficiencyinstitute.com\/wp-content\/uploads\/2v2-01.jpg","datePublished":"2023-04-15T11:28:34+00:00","description":"Bajo el lema \u201cNutrici\u00f3n con el coraz\u00f3n: Dietas Plant-Based en el ejercicio profesional\u201d, el VI Congreso de la AND juntar\u00e1 dietistas-nutricionistas de Espa\u00f1a para compartir conocimientos de actualidad.","breadcrumb":{"@id":"https:\/\/www.daodeficiencyinstitute.com\/es\/la-academia-espanola-de-nutricion-y-dietetica-organiza-su-vi-congreso-y-tendra-lugar-los-dias-24-y-25-de-noviembre-en-barcelona-espana\/#breadcrumb"},"inLanguage":"es","potentialAction":[{"@type":"ReadAction","target":["https:\/\/www.daodeficiencyinstitute.com\/es\/la-academia-espanola-de-nutricion-y-dietetica-organiza-su-vi-congreso-y-tendra-lugar-los-dias-24-y-25-de-noviembre-en-barcelona-espana\/"]}]},{"@type":"ImageObject","inLanguage":"es","@id":"https:\/\/www.daodeficiencyinstitute.com\/es\/la-academia-espanola-de-nutricion-y-dietetica-organiza-su-vi-congreso-y-tendra-lugar-los-dias-24-y-25-de-noviembre-en-barcelona-espana\/#primaryimage","url":"https:\/\/www.daodeficiencyinstitute.com\/wp-content\/uploads\/2v2-01.jpg","contentUrl":"https:\/\/www.daodeficiencyinstitute.com\/wp-content\/uploads\/2v2-01.jpg","width":470,"height":264},{"@type":"BreadcrumbList","@id":"https:\/\/www.daodeficiencyinstitute.com\/es\/la-academia-espanola-de-nutricion-y-dietetica-organiza-su-vi-congreso-y-tendra-lugar-los-dias-24-y-25-de-noviembre-en-barcelona-espana\/#breadcrumb","itemListElement":[{"@type":"ListItem","position":1,"name":"Home","item":"https:\/\/www.daodeficiencyinstitute.com\/es\/"},{"@type":"ListItem","position":2,"name":"La Academia Espa\u00f1ola de Nutrici\u00f3n y Diet\u00e9tica organiza su VI Congreso y tendr\u00e1 lugar los d\u00edas 24 y 25 de noviembre en Barcelona, Espa\u00f1a"}]},{"@type":"WebSite","@id":"https:\/\/www.daodeficiencyinstitute.com\/es\/#website","url":"https:\/\/www.daodeficiencyinstitute.com\/es\/","name":"International Institute of DAO deficiency","description":"International Institute of DAO Deficiency","publisher":{"@id":"https:\/\/www.daodeficiencyinstitute.com\/es\/#organization"},"potentialAction":[{"@type":"SearchAction","target":{"@type":"EntryPoint","urlTemplate":"https:\/\/www.daodeficiencyinstitute.com\/es\/?s={search_term_string}"},"query-input":{"@type":"PropertyValueSpecification","valueRequired":true,"valueName":"search_term_string"}}],"inLanguage":"es"},{"@type":"Organization","@id":"https:\/\/www.daodeficiencyinstitute.com\/es\/#organization","name":"International Institute of DAO Deficiency","url":"https:\/\/www.daodeficiencyinstitute.com\/es\/","logo":{"@type":"ImageObject","inLanguage":"es","@id":"https:\/\/www.daodeficiencyinstitute.com\/es\/#\/schema\/logo\/image\/","url":"https:\/\/www.daodeficiencyinstitute.com\/wp-content\/uploads\/dao-institute-logo-1.svg","contentUrl":"https:\/\/www.daodeficiencyinstitute.com\/wp-content\/uploads\/dao-institute-logo-1.svg","caption":"International Institute of DAO Deficiency"},"image":{"@id":"https:\/\/www.daodeficiencyinstitute.com\/es\/#\/schema\/logo\/image\/"},"sameAs":["https:\/\/www.instagram.com\/daodeficiencyinstitute\/"]},{"@type":"Person","@id":"https:\/\/www.daodeficiencyinstitute.com\/es\/#\/schema\/person\/24be865d93745d75abd8fc84b7cc63ab","name":"martibou","image":{"@type":"ImageObject","inLanguage":"es","@id":"https:\/\/www.daodeficiencyinstitute.com\/es\/#\/schema\/person\/image\/","url":"https:\/\/secure.gravatar.com\/avatar\/9bc2486965ac44f7132dad05b16ac8211787ea4f8b9cd0c28d8ec1ff2387bf91?s=96&d=mm&r=g","contentUrl":"https:\/\/secure.gravatar.com\/avatar\/9bc2486965ac44f7132dad05b16ac8211787ea4f8b9cd0c28d8ec1ff2387bf91?s=96&d=mm&r=g","caption":"martibou"},"url":"https:\/\/www.daodeficiencyinstitute.com\/es\/author\/martibou\/"}]}},"_links":{"self":[{"href":"https:\/\/www.daodeficiencyinstitute.com\/es\/wp-json\/wp\/v2\/posts\/2567","targetHints":{"allow":["GET"]}}],"collection":[{"href":"https:\/\/www.daodeficiencyinstitute.com\/es\/wp-json\/wp\/v2\/posts"}],"about":[{"href":"https:\/\/www.daodeficiencyinstitute.com\/es\/wp-json\/wp\/v2\/types\/post"}],"author":[{"embeddable":true,"href":"https:\/\/www.daodeficiencyinstitute.com\/es\/wp-json\/wp\/v2\/users\/31"}],"replies":[{"embeddable":true,"href":"https:\/\/www.daodeficiencyinstitute.com\/es\/wp-json\/wp\/v2\/comments?post=2567"}],"version-history":[{"count":0,"href":"https:\/\/www.daodeficiencyinstitute.com\/es\/wp-json\/wp\/v2\/posts\/2567\/revisions"}],"wp:featuredmedia":[{"embeddable":true,"href":"https:\/\/www.daodeficiencyinstitute.com\/es\/wp-json\/wp\/v2\/media\/1568"}],"wp:attachment":[{"href":"https:\/\/www.daodeficiencyinstitute.com\/es\/wp-json\/wp\/v2\/media?parent=2567"}],"wp:term":[{"taxonomy":"category","embeddable":true,"href":"https:\/\/www.daodeficiencyinstitute.com\/es\/wp-json\/wp\/v2\/categories?post=2567"},{"taxonomy":"post_tag","embeddable":true,"href":"https:\/\/www.daodeficiencyinstitute.com\/es\/wp-json\/wp\/v2\/tags?post=2567"}],"curies":[{"name":"wp","href":"https:\/\/api.w.org\/{rel}","templated":true}]}}